{"id":1474,"date":"2025-06-24T11:20:30","date_gmt":"2025-06-24T11:20:30","guid":{"rendered":"https:\/\/osteosalvador.pt\/?p=1474"},"modified":"2026-02-10T13:14:02","modified_gmt":"2026-02-10T13:14:02","slug":"exercicio-fisico-integrativo","status":"publish","type":"post","link":"https:\/\/osteosalvador.pt\/pt\/exercicio-fisico-integrativo\/","title":{"rendered":"Exerc\u00edcio f\u00edsico integrativo: como o movimento regula a sa\u00fade metab\u00f3lica, imunit\u00e1ria e \u00f3ssea"},"content":{"rendered":"<p data-start=\"313\" data-end=\"578\">O <a href=\"https:\/\/www.who.int\/news-room\/fact-sheets\/detail\/physical-activity\" target=\"_blank\" rel=\"noopener\"><strong data-start=\"315\" data-end=\"347\">exerc\u00edcio f\u00edsico integrativo<\/strong><\/a> vai al\u00e9m da ideia de treino enquanto ferramenta isolada para ganhar for\u00e7a ou melhorar a condi\u00e7\u00e3o f\u00edsica. Enquadra o movimento como um elemento central na regula\u00e7\u00e3o da sa\u00fade metab\u00f3lica, imunit\u00e1ria, neurol\u00f3gica e musculoesquel\u00e9tica.<\/p>\n<p data-start=\"580\" data-end=\"760\">Na pr\u00e1tica cl\u00ednica, o movimento \u00e9 uma das ferramentas mais consistentes para ajudar o corpo a adaptar-se melhor \u00e0s exig\u00eancias do dia a dia e a lidar com a dor de forma mais eficaz.<\/p>\n<hr data-start=\"762\" data-end=\"765\" \/>\n<h2 data-start=\"767\" data-end=\"822\">O movimento como regulador, n\u00e3o apenas como est\u00edmulo<\/h2>\n<p data-start=\"824\" data-end=\"1033\">O corpo humano foi feito para se mover. O movimento influencia diretamente o metabolismo, a fun\u00e7\u00e3o do sistema imunit\u00e1rio, a regula\u00e7\u00e3o do sistema nervoso, a perce\u00e7\u00e3o de dor, a qualidade do sono e a recupera\u00e7\u00e3o.<\/p>\n<p data-start=\"1035\" data-end=\"1225\">No entanto, nem todo o movimento tem o mesmo efeito. A aus\u00eancia de movimento, assim como o excesso ou a exposi\u00e7\u00e3o inadequada \u00e0 carga, podem contribuir para desequil\u00edbrios e sintomas f\u00edsicos.<\/p>\n<p data-start=\"1227\" data-end=\"1381\">O exerc\u00edcio f\u00edsico integrativo procura encontrar o ponto de equil\u00edbrio entre est\u00edmulo e recupera\u00e7\u00e3o, respeitando a capacidade de adapta\u00e7\u00e3o de cada pessoa.<\/p>\n<hr data-start=\"1383\" data-end=\"1386\" \/>\n<h2 data-start=\"1388\" data-end=\"1423\">Exerc\u00edcio, sistema nervoso e dor<\/h2>\n<p data-start=\"1425\" data-end=\"1616\"><a href=\"https:\/\/osteosalvador.pt\/pt\/5-fatores-que-influenciam-a-dor\/\">A dor n\u00e3o \u00e9 apenas um sinal de les\u00e3o<\/a>. O sistema nervoso desempenha um papel central na forma como o corpo interpreta est\u00edmulos e reage ao movimento, sobretudo em contextos de dor persistente.<\/p>\n<p data-start=\"1618\" data-end=\"1850\">O exerc\u00edcio, quando bem orientado, pode ajudar a reduzir a sensibilidade excessiva do sistema nervoso, restaurar a confian\u00e7a no movimento, quebrar ciclos de prote\u00e7\u00e3o e evitamento e melhorar a toler\u00e2ncia \u00e0 carga de forma progressiva.<\/p>\n<p data-start=\"1852\" data-end=\"2013\">Por isso, o exerc\u00edcio integrativo n\u00e3o se baseia em f\u00f3rmulas universais, mas em adapta\u00e7\u00f5es graduais, ajustadas \u00e0 fase de recupera\u00e7\u00e3o e ao contexto de cada pessoa.<\/p>\n<hr data-start=\"2015\" data-end=\"2018\" \/>\n<h2 data-start=\"2020\" data-end=\"2064\">Movimento e sa\u00fade metab\u00f3lica e imunit\u00e1ria<\/h2>\n<p data-start=\"2066\" data-end=\"2354\">O exerc\u00edcio f\u00edsico tem um impacto profundo na sa\u00fade metab\u00f3lica, influenciando a gest\u00e3o de energia, a sensibilidade \u00e0 insulina e os processos inflamat\u00f3rios. Tamb\u00e9m desempenha um papel relevante na modula\u00e7\u00e3o do sistema imunit\u00e1rio, contribuindo para respostas mais equilibradas do organismo.<\/p>\n<p data-start=\"2356\" data-end=\"2524\">Estes efeitos ajudam a explicar porque o movimento regular, bem doseado, est\u00e1 associado a menor risco de doen\u00e7a, melhor recupera\u00e7\u00e3o e maior resili\u00eancia f\u00edsica e mental.<\/p>\n<hr data-start=\"2526\" data-end=\"2529\" \/>\n<h2 data-start=\"2531\" data-end=\"2578\">Exerc\u00edcio integrativo n\u00e3o \u00e9 \u201cmais exerc\u00edcio\u201d<\/h2>\n<p data-start=\"2580\" data-end=\"2801\">Um erro comum \u00e9 assumir que, perante a dor ou o desconforto, a solu\u00e7\u00e3o passa por fazer mais exerc\u00edcio ou intensificar rapidamente a carga. Em muitos casos, isso pode agravar os sintomas ou refor\u00e7ar padr\u00f5es de compensa\u00e7\u00e3o, sobretudo em <a href=\"https:\/\/osteosalvador.pt\/pt\/dor-lombar-aguda-vs-dor-lombar-cronica\/\">situa\u00e7\u00f5es de dor persistente.<\/a><\/p>\n<p data-start=\"2803\" data-end=\"3005\">O exerc\u00edcio integrativo valoriza a qualidade do movimento, a progress\u00e3o adequada, a variabilidade e o respeito pelos sinais do corpo. Mover-se melhor \u00e9 muitas vezes mais importante do que mover-se mais.<\/p>\n<hr data-start=\"3007\" data-end=\"3010\" \/>\n<h2 data-start=\"3012\" data-end=\"3061\">A integra\u00e7\u00e3o do exerc\u00edcio na abordagem cl\u00ednica<\/h2>\n<p data-start=\"3063\" data-end=\"3300\">Na OsteoSalvador, o exerc\u00edcio \u00e9 encarado como parte integrante da abordagem cl\u00ednica e n\u00e3o como um elemento isolado. O movimento complementa a avalia\u00e7\u00e3o e o tratamento, ajudando a consolidar ganhos, reduzir recidivas e promover autonomia.<\/p>\n<p data-start=\"3302\" data-end=\"3453\">Quando integrado numa <a href=\"https:\/\/osteosalvador.pt\/pt\/osteopatia-o-que-e-e-como-pode-ajudar-na-dor\/\">abordagem clinica global<\/a> e de forma adequada, o exerc\u00edcio torna-se uma ferramenta poderosa para melhorar a fun\u00e7\u00e3o, reduzir a dor e aumentar a confian\u00e7a no corpo.<\/p>\n<hr data-start=\"3455\" data-end=\"3458\" \/>\n<h2 data-start=\"3460\" data-end=\"3529\">&#x1f50d; Para quem quer aprofundar: o exerc\u00edcio como regulador sist\u00e9mico<\/h2>\n<p data-start=\"3531\" data-end=\"3892\">Para al\u00e9m dos seus efeitos no movimento e na for\u00e7a, o exerc\u00edcio f\u00edsico integrativo atua como um verdadeiro regulador sist\u00e9mico. A contra\u00e7\u00e3o muscular, a ativa\u00e7\u00e3o respirat\u00f3ria e o aumento da circula\u00e7\u00e3o facilitam processos de drenagem metab\u00f3lica, promovendo a elimina\u00e7\u00e3o de res\u00edduos e a integra\u00e7\u00e3o entre os sistemas linf\u00e1tico, cardiovascular, respirat\u00f3rio e renal.<\/p>\n<p data-start=\"3894\" data-end=\"4197\">O movimento regular estimula tamb\u00e9m a fun\u00e7\u00e3o do endot\u00e9lio vascular, melhorando a vasodilata\u00e7\u00e3o e a perfus\u00e3o dos tecidos, incluindo o sistema nervoso central. Estes mecanismos ajudam a explicar os benef\u00edcios do exerc\u00edcio na regula\u00e7\u00e3o da tens\u00e3o arterial, na sa\u00fade cardiovascular e no equil\u00edbrio emocional.<\/p>\n<p data-start=\"4199\" data-end=\"4551\">Do ponto de vista metab\u00f3lico, o exerc\u00edcio promove adapta\u00e7\u00f5es celulares que aumentam a flexibilidade metab\u00f3lica, ou seja, a capacidade do organismo alternar entre diferentes fontes de energia de forma eficiente. Estas adapta\u00e7\u00f5es est\u00e3o na base de uma melhor gest\u00e3o da glicemia, da inflama\u00e7\u00e3o cr\u00f3nica de baixo grau e da resili\u00eancia em contextos de doen\u00e7a.<\/p>\n<p data-start=\"4553\" data-end=\"4888\">Hoje sabemos tamb\u00e9m que o m\u00fasculo funciona como um \u00f3rg\u00e3o end\u00f3crino, libertando subst\u00e2ncias que comunicam com outros tecidos, incluindo o osso e o sistema imunit\u00e1rio. Estes processos ajudam a compreender porque o movimento bem doseado tem um impacto t\u00e3o relevante na sa\u00fade global e na capacidade de adapta\u00e7\u00e3o do corpo ao longo do tempo.<\/p>\n<p data-start=\"4890\" data-end=\"4976\"><em data-start=\"4890\" data-end=\"4976\">(Esta sec\u00e7\u00e3o poder\u00e1, no futuro, ligar para conte\u00fados espec\u00edficos de aprofundamento.)<\/em><\/p>\n<hr data-start=\"4978\" data-end=\"4981\" \/>\n<h2 data-start=\"4983\" data-end=\"4995\">Em resumo<\/h2>\n<ul data-start=\"4997\" data-end=\"5279\">\n<li data-start=\"4997\" data-end=\"5052\">\n<p data-start=\"4999\" data-end=\"5052\">O exerc\u00edcio f\u00edsico \u00e9 um regulador da sa\u00fade e da dor, <a href=\"https:\/\/osteosalvador.pt\/pt\/o-alivio-da-dor-cronica-e-uma-verdade\/\">sobretudo em quadros de dor cr\u00f3nica<\/a><\/p>\n<\/li>\n<li data-start=\"5053\" data-end=\"5126\">\n<p data-start=\"5055\" data-end=\"5126\">O movimento influencia o sistema nervoso, o metabolismo e a imunidade<\/p>\n<\/li>\n<li data-start=\"5127\" data-end=\"5168\">\n<p data-start=\"5129\" data-end=\"5168\">A dose e o contexto s\u00e3o determinantes<\/p>\n<\/li>\n<li data-start=\"5169\" data-end=\"5224\">\n<p data-start=\"5171\" data-end=\"5224\">Exerc\u00edcio integrativo n\u00e3o segue f\u00f3rmulas universais<\/p>\n<\/li>\n<li data-start=\"5225\" data-end=\"5279\">\n<p data-start=\"5227\" data-end=\"5279\">A abordagem deve ser progressiva e individualizada<\/p>\n<\/li>\n<\/ul>\n<p data-start=\"5281\" data-end=\"5428\">Compreender o papel do movimento ajuda a olhar para o exerc\u00edcio n\u00e3o como uma obriga\u00e7\u00e3o, mas como um aliado na recupera\u00e7\u00e3o e na manuten\u00e7\u00e3o da sa\u00fade.<\/p>\n","protected":false},"excerpt":{"rendered":"<p>O exerc\u00edcio f\u00edsico integrativo vai al\u00e9m da ideia de treino enquanto ferramenta isolada para ganhar for\u00e7a ou melhorar a condi\u00e7\u00e3o f\u00edsica. Enquadra o movimento como um elemento central na regula\u00e7\u00e3o da sa\u00fade metab\u00f3lica, imunit\u00e1ria, neurol\u00f3gica e musculoesquel\u00e9tica. Na pr\u00e1tica cl\u00ednica, o movimento \u00e9 uma das ferramentas mais consistentes para ajudar o corpo a adaptar-se melhor&hellip;<\/p>\n","protected":false},"author":3,"featured_media":1653,"comment_status":"open","ping_status":"open","sticky":false,"template":"","format":"standard","meta":{"footnotes":""},"categories":[10,9,26,24,25],"tags":[],"class_list":["post-1474","post","type-post","status-publish","format-standard","has-post-thumbnail","hentry","category-fisioterapia","category-osteopatia","category-pilates-clinico","category-reabilitacao","category-yoga"],"_links":{"self":[{"href":"https:\/\/osteosalvador.pt\/pt\/wp-json\/wp\/v2\/posts\/1474","targetHints":{"allow":["GET"]}}],"collection":[{"href":"https:\/\/osteosalvador.pt\/pt\/wp-json\/wp\/v2\/posts"}],"about":[{"href":"https:\/\/osteosalvador.pt\/pt\/wp-json\/wp\/v2\/types\/post"}],"author":[{"embeddable":true,"href":"https:\/\/osteosalvador.pt\/pt\/wp-json\/wp\/v2\/users\/3"}],"replies":[{"embeddable":true,"href":"https:\/\/osteosalvador.pt\/pt\/wp-json\/wp\/v2\/comments?post=1474"}],"version-history":[{"count":3,"href":"https:\/\/osteosalvador.pt\/pt\/wp-json\/wp\/v2\/posts\/1474\/revisions"}],"predecessor-version":[{"id":1640,"href":"https:\/\/osteosalvador.pt\/pt\/wp-json\/wp\/v2\/posts\/1474\/revisions\/1640"}],"wp:featuredmedia":[{"embeddable":true,"href":"https:\/\/osteosalvador.pt\/pt\/wp-json\/wp\/v2\/media\/1653"}],"wp:attachment":[{"href":"https:\/\/osteosalvador.pt\/pt\/wp-json\/wp\/v2\/media?parent=1474"}],"wp:term":[{"taxonomy":"category","embeddable":true,"href":"https:\/\/osteosalvador.pt\/pt\/wp-json\/wp\/v2\/categories?post=1474"},{"taxonomy":"post_tag","embeddable":true,"href":"https:\/\/osteosalvador.pt\/pt\/wp-json\/wp\/v2\/tags?post=1474"}],"curies":[{"name":"wp","href":"https:\/\/api.w.org\/{rel}","templated":true}]}}