{"id":1444,"date":"2025-05-12T14:52:18","date_gmt":"2025-05-12T14:52:18","guid":{"rendered":"https:\/\/osteosalvador.pt\/?p=1444"},"modified":"2026-02-17T11:41:23","modified_gmt":"2026-02-17T11:41:23","slug":"5-fatores-que-influenciam-a-dor","status":"publish","type":"post","link":"https:\/\/osteosalvador.pt\/pt\/5-fatores-que-influenciam-a-dor\/","title":{"rendered":"5 Fatores Que Influenciam a Dor \u2013 E Como a Osteopatia Pode Ajudar"},"content":{"rendered":"<p data-start=\"1600\" data-end=\"1814\">A dor \u00e9 uma experi\u00eancia complexa. Embora seja comum procurar uma causa \u00fanica e localizada \u2014 \u201c\u00e9 um m\u00fasculo\u201d, \u201c\u00e9 um nervo\u201d, \u201c\u00e9 um disco\u201d \u2014 a realidade cl\u00ednica mostra-nos que a dor raramente depende de um \u00fanico fator.<\/p>\n<p data-start=\"1816\" data-end=\"2089\">Na pr\u00e1tica, a<a href=\"https:\/\/www.who.int\/news-room\/fact-sheets\/detail\/musculoskeletal-conditions\" target=\"_blank\" rel=\"noopener\"> dor m\u00fasculo-esquel\u00e9tica<\/a> resulta da intera\u00e7\u00e3o entre diferentes elementos do corpo, do sistema nervoso e do contexto em que a pessoa vive. Compreender estes fatores ajuda a explicar porque duas pessoas com o mesmo diagn\u00f3stico podem ter experi\u00eancias completamente diferentes de dor.<\/p>\n<hr data-start=\"2091\" data-end=\"2094\" \/>\n<h2 data-start=\"2096\" data-end=\"2122\">1. O estado dos tecidos<\/h2>\n<p data-start=\"2124\" data-end=\"2287\">M\u00fasculos, articula\u00e7\u00f5es, ligamentos e outras estruturas podem contribuir para a dor, sobretudo em situa\u00e7\u00f5es de sobrecarga, trauma ou adapta\u00e7\u00e3o insuficiente \u00e0 carga.<\/p>\n<p data-start=\"2289\" data-end=\"2552\">No entanto, altera\u00e7\u00f5es nos tecidos nem sempre explicam a intensidade da dor. \u00c9 poss\u00edvel encontrar altera\u00e7\u00f5es estruturais sem dor e, inversamente, dor significativa sem altera\u00e7\u00f5es relevantes nos exames, <a href=\"https:\/\/osteosalvador.pt\/pt\/a-dor-lombar-ou-lombalgia-afeta-80\/\">um bom exemplo disto \u00e9 a dor lombar.<\/a> Por isso, o estado dos tecidos \u00e9 apenas uma parte da equa\u00e7\u00e3o.<\/p>\n<hr data-start=\"2554\" data-end=\"2557\" \/>\n<h2 data-start=\"2559\" data-end=\"2582\">2. O sistema nervoso<\/h2>\n<p data-start=\"2584\" data-end=\"2795\">O sistema nervoso tem um papel central na forma como a dor \u00e9 percecionada.<a href=\"https:\/\/osteosalvador.pt\/pt\/dor-lombar-aguda-vs-dor-lombar-cronica\/\"> Em situa\u00e7\u00f5es de dor persistente<\/a>, ele pode tornar-se mais sens\u00edvel, reagindo de forma exagerada a est\u00edmulos que antes eram bem tolerados.<\/p>\n<p data-start=\"2797\" data-end=\"2972\">Este fen\u00f3meno ajuda a explicar porque a dor pode manter-se mesmo ap\u00f3s a recupera\u00e7\u00e3o dos tecidos e porque o medo do movimento ou a antecipa\u00e7\u00e3o da dor podem agravar os sintomas.<\/p>\n<hr data-start=\"2974\" data-end=\"2977\" \/>\n<h2 data-start=\"2979\" data-end=\"3006\">3. O movimento e a carga<\/h2>\n<p data-start=\"3008\" data-end=\"3230\"><a href=\"https:\/\/osteosalvador.pt\/pt\/exercicio-fisico-integrativo\/\">A forma como nos movemos<\/a> \u2014 ou deixamos de nos mover \u2014 influencia diretamente a dor. Tanto a falta de movimento como o excesso de carga sem adapta\u00e7\u00e3o adequada podem contribuir para o aparecimento ou manuten\u00e7\u00e3o dos sintomas.<\/p>\n<p data-start=\"3232\" data-end=\"3413\">Na pr\u00e1tica cl\u00ednica, \u00e9 frequente observar que padr\u00f5es de movimento repetidos, rigidez prolongada ou retorno demasiado r\u00e1pido \u00e0 atividade ap\u00f3s uma les\u00e3o influenciam a evolu\u00e7\u00e3o da dor.<\/p>\n<hr data-start=\"3415\" data-end=\"3418\" \/>\n<h2 data-start=\"3420\" data-end=\"3457\">4. O contexto emocional e o stress<\/h2>\n<p data-start=\"3459\" data-end=\"3698\">O stress, a tens\u00e3o emocional e a sobrecarga mental t\u00eam impacto direto na perce\u00e7\u00e3o de dor. Atrav\u00e9s da influ\u00eancia no t\u00f3nus muscular, no sono e no sistema nervoso, estes fatores podem amplificar sintomas f\u00edsicos, mesmo sem uma les\u00e3o evidente.<\/p>\n<p data-start=\"3700\" data-end=\"3821\">Isto \u00e9 particularmente relevante <a href=\"https:\/\/osteosalvador.pt\/pt\/dor-cervical-e-cervicalgia-a-osteopatia-responde\/\">em regi\u00f5es como o pesco\u00e7o<\/a>, <a href=\"https:\/\/osteosalvador.pt\/pt\/dor-no-ombro-direito-osteopatia\/\">os ombros<\/a> e a zona lombar, onde a tens\u00e3o tende a acumular-se.<\/p>\n<hr data-start=\"3823\" data-end=\"3826\" \/>\n<h2 data-start=\"3828\" data-end=\"3874\">5. O hist\u00f3rico e as experi\u00eancias anteriores<\/h2>\n<p data-start=\"3876\" data-end=\"4167\">Experi\u00eancias passadas de dor, les\u00f5es anteriores, expectativas e cren\u00e7as em rela\u00e7\u00e3o ao corpo influenciam a forma como a dor \u00e9 vivida no presente. Uma dor atual pode ser interpretada de forma mais amea\u00e7adora se houver um hist\u00f3rico de epis\u00f3dios semelhantes ou experi\u00eancias negativas anteriores.<\/p>\n<p data-start=\"4169\" data-end=\"4277\">Este fator ajuda a compreender porque algumas dores se tornam recorrentes ou persistentes ao longo do tempo.<\/p>\n<hr data-start=\"4279\" data-end=\"4282\" \/>\n<h2 data-start=\"4284\" data-end=\"4330\">Porque estes fatores influenciam a dor e n\u00e3o atuam isoladamente<\/h2>\n<p data-start=\"4332\" data-end=\"4480\">Estes fatores raramente atuam de forma independente. Na maioria dos casos, a dor surge da combina\u00e7\u00e3o de v\u00e1rios deles, que se influenciam mutuamente.<\/p>\n<p data-start=\"4482\" data-end=\"4711\">Por exemplo, uma sobrecarga f\u00edsica pode levar a dor inicial, que gera receio de movimento, altera padr\u00f5es de atividade, afeta o sono e aumenta a sensibilidade do sistema nervoso. Com o tempo, o problema deixa de ser apenas local.<\/p>\n<hr data-start=\"4713\" data-end=\"4716\" \/>\n<h2 data-start=\"4718\" data-end=\"4769\">A import\u00e2ncia de uma abordagem cl\u00ednica integrada<\/h2>\n<p data-start=\"4771\" data-end=\"4966\">Na OsteoSalvador, a dor \u00e9 encarada como um fen\u00f3meno multifatorial. A avalia\u00e7\u00e3o cl\u00ednica procura perceber n\u00e3o apenas onde d\u00f3i, mas <strong data-start=\"4900\" data-end=\"4929\">porque d\u00f3i naquela pessoa<\/strong>, naquele momento e naquele contexto.<\/p>\n<p data-start=\"4968\" data-end=\"5146\"><a href=\"https:\/\/osteosalvador.pt\/pt\/osteopatia-o-que-e-e-como-pode-ajudar-na-dor\/\">Esta leitura integrada<\/a> permite definir abordagens mais ajustadas, respeitando a individualidade de cada corpo e evitando interven\u00e7\u00f5es desnecess\u00e1rias ou excessivamente simplistas. A <a href=\"https:\/\/osteosalvador.pt\/pt\/o-que-e-a-fisioterapia\/\">Fisioterapia<\/a> e a Osteopatia s\u00e3o as bases destas abordagens na nossa clinica.<\/p>\n<hr data-start=\"5148\" data-end=\"5151\" \/>\n<h2 data-start=\"5153\" data-end=\"5165\">Em resumo<\/h2>\n<ul data-start=\"5167\" data-end=\"5413\">\n<li data-start=\"5167\" data-end=\"5206\">\n<p data-start=\"5169\" data-end=\"5206\">A dor raramente tem uma \u00fanica causa<\/p>\n<\/li>\n<li data-start=\"5207\" data-end=\"5267\">\n<p data-start=\"5209\" data-end=\"5267\">Tecidos, sistema nervoso, movimento e contexto interagem<\/p>\n<\/li>\n<li data-start=\"5268\" data-end=\"5308\">\n<p data-start=\"5270\" data-end=\"5308\">Exames ajudam, mas n\u00e3o explicam tudo<\/p>\n<\/li>\n<li data-start=\"5309\" data-end=\"5377\">\n<p data-start=\"5311\" data-end=\"5377\">Compreender os fatores que influenciam a dor melhora a abordagem<\/p>\n<\/li>\n<li data-start=\"5378\" data-end=\"5413\">\n<p data-start=\"5380\" data-end=\"5413\">A avalia\u00e7\u00e3o cl\u00ednica \u00e9 essencial<\/p>\n<\/li>\n<\/ul>\n<p data-start=\"5415\" data-end=\"5547\">Perceber a dor como um fen\u00f3meno multifatorial \u00e9 um passo fundamental para lidar melhor com ela e reduzir o seu impacto no dia a dia.<\/p>\n","protected":false},"excerpt":{"rendered":"<p>A dor \u00e9 uma experi\u00eancia complexa. Embora seja comum procurar uma causa \u00fanica e localizada \u2014 \u201c\u00e9 um m\u00fasculo\u201d, \u201c\u00e9 um nervo\u201d, \u201c\u00e9 um disco\u201d \u2014 a realidade cl\u00ednica mostra-nos que a dor raramente depende de um \u00fanico fator. Na pr\u00e1tica, a dor m\u00fasculo-esquel\u00e9tica resulta da intera\u00e7\u00e3o entre diferentes elementos do corpo, do sistema nervoso&hellip;<\/p>\n","protected":false},"author":3,"featured_media":1649,"comment_status":"open","ping_status":"open","sticky":false,"template":"","format":"standard","meta":{"footnotes":""},"categories":[10,9,24],"tags":[],"class_list":["post-1444","post","type-post","status-publish","format-standard","has-post-thumbnail","hentry","category-fisioterapia","category-osteopatia","category-reabilitacao"],"_links":{"self":[{"href":"https:\/\/osteosalvador.pt\/pt\/wp-json\/wp\/v2\/posts\/1444","targetHints":{"allow":["GET"]}}],"collection":[{"href":"https:\/\/osteosalvador.pt\/pt\/wp-json\/wp\/v2\/posts"}],"about":[{"href":"https:\/\/osteosalvador.pt\/pt\/wp-json\/wp\/v2\/types\/post"}],"author":[{"embeddable":true,"href":"https:\/\/osteosalvador.pt\/pt\/wp-json\/wp\/v2\/users\/3"}],"replies":[{"embeddable":true,"href":"https:\/\/osteosalvador.pt\/pt\/wp-json\/wp\/v2\/comments?post=1444"}],"version-history":[{"count":6,"href":"https:\/\/osteosalvador.pt\/pt\/wp-json\/wp\/v2\/posts\/1444\/revisions"}],"predecessor-version":[{"id":1674,"href":"https:\/\/osteosalvador.pt\/pt\/wp-json\/wp\/v2\/posts\/1444\/revisions\/1674"}],"wp:featuredmedia":[{"embeddable":true,"href":"https:\/\/osteosalvador.pt\/pt\/wp-json\/wp\/v2\/media\/1649"}],"wp:attachment":[{"href":"https:\/\/osteosalvador.pt\/pt\/wp-json\/wp\/v2\/media?parent=1444"}],"wp:term":[{"taxonomy":"category","embeddable":true,"href":"https:\/\/osteosalvador.pt\/pt\/wp-json\/wp\/v2\/categories?post=1444"},{"taxonomy":"post_tag","embeddable":true,"href":"https:\/\/osteosalvador.pt\/pt\/wp-json\/wp\/v2\/tags?post=1444"}],"curies":[{"name":"wp","href":"https:\/\/api.w.org\/{rel}","templated":true}]}}