{"id":1352,"date":"2025-01-21T10:40:11","date_gmt":"2025-01-21T10:40:11","guid":{"rendered":"https:\/\/osteosalvador.pt\/?p=1352"},"modified":"2026-02-10T12:20:04","modified_gmt":"2026-02-10T12:20:04","slug":"dor-cervical-e-cervicalgia-a-osteopatia-responde","status":"publish","type":"post","link":"https:\/\/osteosalvador.pt\/pt\/dor-cervical-e-cervicalgia-a-osteopatia-responde\/","title":{"rendered":"Dor Cervical (Cervicalgia): Porque Acontece, Quando Preocupar-se e Como \u00c9 Abordada Clinicamente"},"content":{"rendered":"<p data-start=\"319\" data-end=\"579\">A <strong data-start=\"321\" data-end=\"337\">dor cervical<\/strong>, tamb\u00e9m conhecida como <strong data-start=\"361\" data-end=\"376\">cervicalgia<\/strong>, \u00e9 uma das queixas mais frequentes na pr\u00e1tica cl\u00ednica. Pode surgir de forma s\u00fabita ou gradual e, muitas vezes, associa-se a rigidez, limita\u00e7\u00e3o de movimento ou dor que se estende para os ombros e cabe\u00e7a.<\/p>\n<p data-start=\"581\" data-end=\"767\">Apesar de comum, a dor cervical continua a gerar preocupa\u00e7\u00e3o. A associa\u00e7\u00e3o imediata a \u201cdesgaste\u201d, \u201cm\u00e1 postura\u201d ou altera\u00e7\u00f5es graves nos exames nem sempre corresponde \u00e0 realidade cl\u00ednica.<\/p>\n<hr data-start=\"769\" data-end=\"772\" \/>\n<h2 data-start=\"774\" data-end=\"798\">O que \u00e9 dor cervical?<\/h2>\n<p data-start=\"800\" data-end=\"975\">A dor cervical refere-se a qualquer <a href=\"https:\/\/www.nhs.uk\/symptoms\/neck-pain-and-stiff-neck\/\" target=\"_blank\" rel=\"noopener\">desconforto localizado na regi\u00e3o do pesco\u00e7o<\/a>. Pode manifestar-se como dor local, sensa\u00e7\u00e3o de peso, rigidez ou desconforto ao mover a cabe\u00e7a.<\/p>\n<p data-start=\"977\" data-end=\"1164\">Nem sempre existe uma les\u00e3o identific\u00e1vel. Em muitos casos, a dor cervical , tal como a <a href=\"https:\/\/osteosalvador.pt\/pt\/a-dor-lombar-ou-lombalgia-afeta-80\/\">dor lombar<\/a>, resulta de uma combina\u00e7\u00e3o de fatores f\u00edsicos, funcionais e contextuais \u2014 e n\u00e3o apenas de altera\u00e7\u00f5es estruturais.<\/p>\n<hr data-start=\"1166\" data-end=\"1169\" \/>\n<h2 data-start=\"1171\" data-end=\"1208\">Porque a dor cervical \u00e9 t\u00e3o comum?<\/h2>\n<p data-start=\"1210\" data-end=\"1443\">A regi\u00e3o cervical participa ativamente na postura, na orienta\u00e7\u00e3o do olhar e na adapta\u00e7\u00e3o ao ambiente. Est\u00e1 envolvida em movimentos de pequena amplitude, mas de elevada frequ\u00eancia, o que a torna sens\u00edvel a varia\u00e7\u00f5es de carga e tens\u00e3o.<\/p>\n<p data-start=\"1445\" data-end=\"1612\">Per\u00edodos prolongados na mesma posi\u00e7\u00e3o, stress, fadiga acumulada, altera\u00e7\u00f5es do sono e movimentos repetitivos podem contribuir para o aparecimento ou manuten\u00e7\u00e3o da dor.<\/p>\n<hr data-start=\"1614\" data-end=\"1617\" \/>\n<h2 data-start=\"1619\" data-end=\"1669\">Dor cervical, postura e stress: qual a rela\u00e7\u00e3o?<\/h2>\n<p data-start=\"1671\" data-end=\"1950\">Durante muito tempo, a dor cervical foi atribu\u00edda quase exclusivamente \u00e0 postura. Hoje sabemos que a rela\u00e7\u00e3o \u00e9 mais complexa. A postura n\u00e3o \u00e9 um problema em si; a <strong data-start=\"1834\" data-end=\"1860\">falta de variabilidade<\/strong> e a exposi\u00e7\u00e3o prolongada a determinadas posi\u00e7\u00f5es \u00e9 que tendem a sobrecarregar os tecidos.<\/p>\n<p data-start=\"1952\" data-end=\"2184\">O stress e a tens\u00e3o emocional tamb\u00e9m influenciam diretamente o t\u00f3nus muscular e a perce\u00e7\u00e3o de dor, sobretudo na regi\u00e3o cervical. Na pr\u00e1tica cl\u00ednica, \u00e9 comum observar agravamento dos sintomas em per\u00edodos de maior exig\u00eancia emocional.<\/p>\n<hr data-start=\"2186\" data-end=\"2189\" \/>\n<h2 data-start=\"2191\" data-end=\"2252\">Dor cervical e exames: o que mostram (e o que n\u00e3o mostram)<\/h2>\n<p data-start=\"2254\" data-end=\"2508\">Exames de imagem podem identificar altera\u00e7\u00f5es estruturais na coluna cervical, mas essas altera\u00e7\u00f5es nem sempre explicam a dor sentida. \u00c9 frequente encontrar altera\u00e7\u00f5es degenerativas em pessoas sem dor e exames pouco expressivos em pessoas com dor intensa.<\/p>\n<p data-start=\"2510\" data-end=\"2632\">Tal como noutras regi\u00f5es da coluna, <a href=\"https:\/\/osteosalvador.pt\/pt\/hernia-discal-lombar-ou-cervical\/\">os exames devem ser interpretados \u00e0 luz da avalia\u00e7\u00e3o cl\u00ednica<\/a> e nunca de forma isolada.<\/p>\n<hr data-start=\"2634\" data-end=\"2637\" \/>\n<h2 data-start=\"2639\" data-end=\"2687\">Dor cervical aguda e dor cervical persistente<\/h2>\n<p data-start=\"2689\" data-end=\"2996\">A dor cervical pode surgir de forma <strong data-start=\"2725\" data-end=\"2734\">aguda<\/strong>, muitas vezes associada a um epis\u00f3dio espec\u00edfico, <a href=\"https:\/\/osteosalvador.pt\/pt\/dor-lombar-aguda-vs-dor-lombar-cronica\/\">ou tornar-se <strong data-start=\"2798\" data-end=\"2813\">persistente<\/strong> ao longo do tempo<\/a>. Quando a dor se prolonga, entram em jogo fatores adicionais, como maior sensibilidade do sistema nervoso, receio do movimento e estrat\u00e9gias de prote\u00e7\u00e3o excessivas.<\/p>\n<p data-start=\"2998\" data-end=\"3068\">Nestes casos, a abordagem precisa de ir<a href=\"https:\/\/osteosalvador.pt\/pt\/o-alivio-da-dor-cronica-e-uma-verdade\/\"> al\u00e9m do al\u00edvio pontual da dor.<\/a><\/p>\n<hr data-start=\"3070\" data-end=\"3073\" \/>\n<h2 data-start=\"3075\" data-end=\"3119\">A osteopatia na abordagem da dor cervical<\/h2>\n<p data-start=\"3121\" data-end=\"3361\">A osteopatia diferencia-se por procurar compreender a dor cervical para al\u00e9m do sintoma localizado no pesco\u00e7o. Em muitos casos, a origem do desconforto n\u00e3o est\u00e1 apenas na regi\u00e3o cervical, mas relaciona-se com tens\u00f5es noutras \u00e1reas do corpo.<\/p>\n<p data-start=\"3363\" data-end=\"3640\">Na pr\u00e1tica cl\u00ednica, \u00e9 frequente observar liga\u00e7\u00f5es entre a dor cervical e altera\u00e7\u00f5es na coluna dorsal, <a href=\"https:\/\/osteosalvador.pt\/pt\/dor-no-ombro-direito-osteopatia\/\">nos ombros<\/a> ou at\u00e9 na articula\u00e7\u00e3o temporomandibular (mand\u00edbula). Por isso, a avalia\u00e7\u00e3o n\u00e3o se limita ao local onde d\u00f3i, mas procura perceber como o corpo funciona como um todo.<\/p>\n<p data-start=\"3642\" data-end=\"3728\">Atrav\u00e9s de t\u00e9cnicas manuais espec\u00edficas, a abordagem osteop\u00e1tica pode contribuir para:<\/p>\n<ul data-start=\"3729\" data-end=\"3904\">\n<li data-start=\"3729\" data-end=\"3781\">\n<p data-start=\"3731\" data-end=\"3781\">restaurar a mobilidade das articula\u00e7\u00f5es cervicais,<\/p>\n<\/li>\n<li data-start=\"3782\" data-end=\"3855\">\n<p data-start=\"3784\" data-end=\"3855\">reduzir a tens\u00e3o muscular na regi\u00e3o do pesco\u00e7o e estruturas associadas,<\/p>\n<\/li>\n<li data-start=\"3856\" data-end=\"3904\">\n<p data-start=\"3858\" data-end=\"3904\">promover um melhor equil\u00edbrio global do corpo.<\/p>\n<\/li>\n<\/ul>\n<p data-start=\"3906\" data-end=\"4116\">Esta abordagem individualizada n\u00e3o se centra apenas no al\u00edvio moment\u00e2neo da dor, mas procura criar condi\u00e7\u00f5es para uma recupera\u00e7\u00e3o mais consistente e reduzir a probabilidade de recorr\u00eancia das queixas cervicais.<a href=\"https:\/\/osteosalvador.pt\/pt\/exercicio-fisico-integrativo\/\"> A adi\u00e7\u00e3o de movimento controlado \u00e9 o passo seguinte.<\/a><\/p>\n<hr data-start=\"4118\" data-end=\"4121\" \/>\n<h2 data-start=\"4123\" data-end=\"4171\">Cuidados di\u00e1rios para prevenir a dor cervical<\/h2>\n<p data-start=\"4173\" data-end=\"4320\">Para reduzir o risco de surgimento da cervicalgia ou minimizar epis\u00f3dios recorrentes, alguns cuidados simples no dia a dia podem fazer a diferen\u00e7a.<\/p>\n<p data-start=\"4322\" data-end=\"4593\">Manter uma postura confort\u00e1vel e funcional, evitando rigidez excessiva, \u00e9 mais importante do que procurar uma \u201cpostura perfeita\u201d. Evitar longos per\u00edodos na mesma posi\u00e7\u00e3o e fazer pequenas pausas para mobilizar suavemente o pesco\u00e7o e os ombros ajuda a reduzir a sobrecarga.<\/p>\n<p data-start=\"4595\" data-end=\"4813\">No contexto profissional, ajustar o local de trabalho \u2014 garantindo que o monitor est\u00e1 \u00e0 altura dos olhos e que o corpo n\u00e3o permanece em posi\u00e7\u00f5es for\u00e7adas \u2014 contribui para diminuir a tens\u00e3o acumulada na regi\u00e3o cervical.<\/p>\n<p data-start=\"4815\" data-end=\"4964\">Quando estas medidas s\u00e3o combinadas com acompanhamento cl\u00ednico adequado, o impacto da dor cervical no dia a dia tende a ser menor e mais control\u00e1vel.<\/p>\n<hr data-start=\"4966\" data-end=\"4969\" \/>\n<h2 data-start=\"4971\" data-end=\"4996\">Quando procurar ajuda?<\/h2>\n<p data-start=\"4998\" data-end=\"5047\">\u00c9 aconselh\u00e1vel procurar avalia\u00e7\u00e3o cl\u00ednica quando:<\/p>\n<ul data-start=\"5048\" data-end=\"5227\">\n<li data-start=\"5048\" data-end=\"5078\">\n<p data-start=\"5050\" data-end=\"5078\">a dor persiste ou se agrava,<\/p>\n<\/li>\n<li data-start=\"5079\" data-end=\"5125\">\n<p data-start=\"5081\" data-end=\"5125\">existe limita\u00e7\u00e3o significativa do movimento,<\/p>\n<\/li>\n<li data-start=\"5126\" data-end=\"5183\">\n<p data-start=\"5128\" data-end=\"5183\">surgem dores associadas \u00e0 cabe\u00e7a ou membros superiores,<\/p>\n<\/li>\n<li data-start=\"5184\" data-end=\"5227\">\n<p data-start=\"5186\" data-end=\"5227\">h\u00e1 impacto no sono ou receio de se mexer.<\/p>\n<\/li>\n<\/ul>\n<p data-start=\"5229\" data-end=\"5343\">Uma avalia\u00e7\u00e3o adequada ajuda a esclarecer o quadro e a orientar o processo de recupera\u00e7\u00e3o de forma mais tranquila.<\/p>\n<hr data-start=\"5345\" data-end=\"5348\" \/>\n<h2 data-start=\"5350\" data-end=\"5362\">Em resumo<\/h2>\n<ul data-start=\"5364\" data-end=\"5620\">\n<li data-start=\"5364\" data-end=\"5406\">\n<p data-start=\"5366\" data-end=\"5406\">A dor cervical \u00e9 comum e multifatorial<\/p>\n<\/li>\n<li data-start=\"5407\" data-end=\"5465\">\n<p data-start=\"5409\" data-end=\"5465\">Nem sempre est\u00e1 relacionada com altera\u00e7\u00f5es estruturais<\/p>\n<\/li>\n<li data-start=\"5466\" data-end=\"5521\">\n<p data-start=\"5468\" data-end=\"5521\">Postura e stress influenciam, mas n\u00e3o explicam tudo<\/p>\n<\/li>\n<li data-start=\"5522\" data-end=\"5571\">\n<p data-start=\"5524\" data-end=\"5571\">Exames ajudam, mas n\u00e3o contam a hist\u00f3ria toda<\/p>\n<\/li>\n<li data-start=\"5572\" data-end=\"5620\">\n<p data-start=\"5574\" data-end=\"5620\">A abordagem cl\u00ednica deve ser individualizada<\/p>\n<\/li>\n<\/ul>\n<p data-start=\"5622\" data-end=\"5733\">Compreender a dor cervical \u00e9 um passo essencial para lidar melhor com ela e reduzir o seu impacto no dia a dia.<\/p>\n","protected":false},"excerpt":{"rendered":"<p>A dor cervical, tamb\u00e9m conhecida como cervicalgia, \u00e9 uma das queixas mais frequentes na pr\u00e1tica cl\u00ednica. Pode surgir de forma s\u00fabita ou gradual e, muitas vezes, associa-se a rigidez, limita\u00e7\u00e3o de movimento ou dor que se estende para os ombros e cabe\u00e7a. Apesar de comum, a dor cervical continua a gerar preocupa\u00e7\u00e3o. A associa\u00e7\u00e3o imediata&hellip;<\/p>\n","protected":false},"author":3,"featured_media":1355,"comment_status":"open","ping_status":"open","sticky":false,"template":"","format":"standard","meta":{"footnotes":""},"categories":[9,24],"tags":[],"class_list":["post-1352","post","type-post","status-publish","format-standard","has-post-thumbnail","hentry","category-osteopatia","category-reabilitacao"],"_links":{"self":[{"href":"https:\/\/osteosalvador.pt\/pt\/wp-json\/wp\/v2\/posts\/1352","targetHints":{"allow":["GET"]}}],"collection":[{"href":"https:\/\/osteosalvador.pt\/pt\/wp-json\/wp\/v2\/posts"}],"about":[{"href":"https:\/\/osteosalvador.pt\/pt\/wp-json\/wp\/v2\/types\/post"}],"author":[{"embeddable":true,"href":"https:\/\/osteosalvador.pt\/pt\/wp-json\/wp\/v2\/users\/3"}],"replies":[{"embeddable":true,"href":"https:\/\/osteosalvador.pt\/pt\/wp-json\/wp\/v2\/comments?post=1352"}],"version-history":[{"count":6,"href":"https:\/\/osteosalvador.pt\/pt\/wp-json\/wp\/v2\/posts\/1352\/revisions"}],"predecessor-version":[{"id":1645,"href":"https:\/\/osteosalvador.pt\/pt\/wp-json\/wp\/v2\/posts\/1352\/revisions\/1645"}],"wp:featuredmedia":[{"embeddable":true,"href":"https:\/\/osteosalvador.pt\/pt\/wp-json\/wp\/v2\/media\/1355"}],"wp:attachment":[{"href":"https:\/\/osteosalvador.pt\/pt\/wp-json\/wp\/v2\/media?parent=1352"}],"wp:term":[{"taxonomy":"category","embeddable":true,"href":"https:\/\/osteosalvador.pt\/pt\/wp-json\/wp\/v2\/categories?post=1352"},{"taxonomy":"post_tag","embeddable":true,"href":"https:\/\/osteosalvador.pt\/pt\/wp-json\/wp\/v2\/tags?post=1352"}],"curies":[{"name":"wp","href":"https:\/\/api.w.org\/{rel}","templated":true}]}}